{"@context":"https:\/\/schema.org\/","@type":"CollectionPage","@id":"https:\/\/www.slovacon.sk\/dom-a-byt\/#CollectionPage","headline":"Dom a byt Category","description":"","url":"https:\/\/www.slovacon.sk\/dom-a-byt\/","hasPart":[{"@type":"Article","@id":"https:\/\/www.slovacon.sk\/mobilny-chatovy-domcek\/","headline":"Mobiln\u00fd chatov\u00fd dom\u010dek","url":"https:\/\/www.slovacon.sk\/mobilny-chatovy-domcek\/","datePublished":"2022-05-27","dateModified":"2023-04-25","mainEntityOfPage":"https:\/\/www.slovacon.sk\/mobilny-chatovy-domcek\/","author":{"@type":"Person","@id":"https:\/\/www.slovacon.sk\/author\/#Person","name":"slovacon.sk\n","url":"https:\/\/www.slovacon.sk\/author\/","identifier":1,"image":{"@type":"ImageObject","@id":"https:\/\/secure.gravatar.com\/avatar\/0dc285cbe86eecc8073f119fcb2e2c7032b51533f5bb47611c7d4a598558b8b7?s=96&d=mm&r=g","url":"https:\/\/secure.gravatar.com\/avatar\/0dc285cbe86eecc8073f119fcb2e2c7032b51533f5bb47611c7d4a598558b8b7?s=96&d=mm&r=g","height":96,"width":96}},"publisher":{"@type":"Organization","name":"slovacon.sk","logo":{"@type":"ImageObject","@id":"\/logo.png","url":"\/logo.png","width":600,"height":60}},"image":{"@type":"ImageObject","@id":"https:\/\/www.slovacon.sk\/wp-content\/uploads\/chata%20v%20pr%C3%ADrode.jpg","url":"https:\/\/www.slovacon.sk\/wp-content\/uploads\/chata%20v%20pr%C3%ADrode.jpg","height":0,"width":0},"keywords":null},{"@type":"Article","@id":"https:\/\/www.slovacon.sk\/moderny-a-presvetleny-domov\/","headline":"Modern\u00fd a presvetlen\u00fd domov","url":"https:\/\/www.slovacon.sk\/moderny-a-presvetleny-domov\/","datePublished":"2020-02-26","dateModified":"2020-02-26","mainEntityOfPage":"https:\/\/www.slovacon.sk\/moderny-a-presvetleny-domov\/","author":{"@type":"Person","@id":"https:\/\/www.slovacon.sk\/author\/#Person","name":"slovacon.sk\n","url":"https:\/\/www.slovacon.sk\/author\/","identifier":1,"image":{"@type":"ImageObject","@id":"https:\/\/secure.gravatar.com\/avatar\/0dc285cbe86eecc8073f119fcb2e2c7032b51533f5bb47611c7d4a598558b8b7?s=96&d=mm&r=g","url":"https:\/\/secure.gravatar.com\/avatar\/0dc285cbe86eecc8073f119fcb2e2c7032b51533f5bb47611c7d4a598558b8b7?s=96&d=mm&r=g","height":96,"width":96}},"publisher":{"@type":"Organization","name":"slovacon.sk","logo":{"@type":"ImageObject","@id":"\/logo.png","url":"\/logo.png","width":600,"height":60}},"image":{"@type":"ImageObject","@id":"https:\/\/www.slovacon.sk\/wp-content\/uploads\/img_a311585_w16754_t1587989359.jpg","url":"https:\/\/www.slovacon.sk\/wp-content\/uploads\/img_a311585_w16754_t1587989359.jpg","height":0,"width":0},"keywords":null},{"@type":"Article","@id":"https:\/\/www.slovacon.sk\/nie-len-na-odraz\/","headline":"Nie len na odraz","url":"https:\/\/www.slovacon.sk\/nie-len-na-odraz\/","datePublished":"2018-11-27","dateModified":"2018-11-27","mainEntityOfPage":"https:\/\/www.slovacon.sk\/nie-len-na-odraz\/","author":{"@type":"Person","@id":"https:\/\/www.slovacon.sk\/author\/#Person","name":"slovacon.sk\n","url":"https:\/\/www.slovacon.sk\/author\/","identifier":1,"image":{"@type":"ImageObject","@id":"https:\/\/secure.gravatar.com\/avatar\/0dc285cbe86eecc8073f119fcb2e2c7032b51533f5bb47611c7d4a598558b8b7?s=96&d=mm&r=g","url":"https:\/\/secure.gravatar.com\/avatar\/0dc285cbe86eecc8073f119fcb2e2c7032b51533f5bb47611c7d4a598558b8b7?s=96&d=mm&r=g","height":96,"width":96}},"publisher":{"@type":"Organization","name":"slovacon.sk","logo":{"@type":"ImageObject","@id":"\/logo.png","url":"\/logo.png","width":600,"height":60}},"image":{"@type":"ImageObject","@id":"https:\/\/www.slovacon.sk\/wp-content\/uploads\/img_a296109_w2039_t1548607651.jpg","url":"https:\/\/www.slovacon.sk\/wp-content\/uploads\/img_a296109_w2039_t1548607651.jpg","height":0,"width":0},"keywords":null},{"@type":"Article","@id":"https:\/\/www.slovacon.sk\/funkcnost-maleho-priestoru\/","headline":"Funk\u010dnos\u0165 mal\u00e9ho priestoru","url":"https:\/\/www.slovacon.sk\/funkcnost-maleho-priestoru\/","datePublished":"2018-09-21","dateModified":"2018-09-21","mainEntityOfPage":"https:\/\/www.slovacon.sk\/funkcnost-maleho-priestoru\/","author":{"@type":"Person","@id":"https:\/\/www.slovacon.sk\/author\/#Person","name":"slovacon.sk\n","url":"https:\/\/www.slovacon.sk\/author\/","identifier":1,"image":{"@type":"ImageObject","@id":"https:\/\/secure.gravatar.com\/avatar\/0dc285cbe86eecc8073f119fcb2e2c7032b51533f5bb47611c7d4a598558b8b7?s=96&d=mm&r=g","url":"https:\/\/secure.gravatar.com\/avatar\/0dc285cbe86eecc8073f119fcb2e2c7032b51533f5bb47611c7d4a598558b8b7?s=96&d=mm&r=g","height":96,"width":96}},"publisher":{"@type":"Organization","name":"slovacon.sk","logo":{"@type":"ImageObject","@id":"\/logo.png","url":"\/logo.png","width":600,"height":60}},"image":{"@type":"ImageObject","@id":"https:\/\/www.slovacon.sk\/wp-content\/uploads\/img_a293611_w2039_t1542816364.jpg","url":"https:\/\/www.slovacon.sk\/wp-content\/uploads\/img_a293611_w2039_t1542816364.jpg","height":0,"width":0},"keywords":null},{"@type":"Article","@id":"https:\/\/www.slovacon.sk\/predel-medzi-modernym-a-tradicnym\/","headline":"Predel medzi modern\u00fdm a tradi\u010dn\u00fdm","url":"https:\/\/www.slovacon.sk\/predel-medzi-modernym-a-tradicnym\/","datePublished":"2018-04-11","dateModified":"2018-04-11","mainEntityOfPage":"https:\/\/www.slovacon.sk\/predel-medzi-modernym-a-tradicnym\/","author":{"@type":"Person","@id":"https:\/\/www.slovacon.sk\/author\/#Person","name":"slovacon.sk\n","url":"https:\/\/www.slovacon.sk\/author\/","identifier":1,"image":{"@type":"ImageObject","@id":"https:\/\/secure.gravatar.com\/avatar\/0dc285cbe86eecc8073f119fcb2e2c7032b51533f5bb47611c7d4a598558b8b7?s=96&d=mm&r=g","url":"https:\/\/secure.gravatar.com\/avatar\/0dc285cbe86eecc8073f119fcb2e2c7032b51533f5bb47611c7d4a598558b8b7?s=96&d=mm&r=g","height":96,"width":96}},"publisher":{"@type":"Organization","name":"slovacon.sk","logo":{"@type":"ImageObject","@id":"\/logo.png","url":"\/logo.png","width":600,"height":60}},"image":{"@type":"ImageObject","@id":"https:\/\/www.slovacon.sk\/wp-content\/uploads\/img_a287938_w16495_t1526461719.jpg","url":"https:\/\/www.slovacon.sk\/wp-content\/uploads\/img_a287938_w16495_t1526461719.jpg","height":0,"width":0},"keywords":null},{"@type":"Article","@id":"https:\/\/www.slovacon.sk\/nove-trendy-zahradneho-nabytku-a-grilovanie\/","headline":"Nov\u00e9 trendy z\u00e1hradn\u00e9ho n\u00e1bytku a grilovanie","url":"https:\/\/www.slovacon.sk\/nove-trendy-zahradneho-nabytku-a-grilovanie\/","datePublished":"2017-11-10","dateModified":"2017-11-10","mainEntityOfPage":"https:\/\/www.slovacon.sk\/nove-trendy-zahradneho-nabytku-a-grilovanie\/","author":{"@type":"Person","@id":"https:\/\/www.slovacon.sk\/author\/#Person","name":"slovacon.sk\n","url":"https:\/\/www.slovacon.sk\/author\/","identifier":1,"image":{"@type":"ImageObject","@id":"https:\/\/secure.gravatar.com\/avatar\/0dc285cbe86eecc8073f119fcb2e2c7032b51533f5bb47611c7d4a598558b8b7?s=96&d=mm&r=g","url":"https:\/\/secure.gravatar.com\/avatar\/0dc285cbe86eecc8073f119fcb2e2c7032b51533f5bb47611c7d4a598558b8b7?s=96&d=mm&r=g","height":96,"width":96}},"publisher":{"@type":"Organization","name":"slovacon.sk","logo":{"@type":"ImageObject","@id":"\/logo.png","url":"\/logo.png","width":600,"height":60}},"image":{"@type":"ImageObject","@id":"https:\/\/www.slovacon.sk\/wp-content\/uploads\/img_a284335_w2039_t1515616739.jpg","url":"https:\/\/www.slovacon.sk\/wp-content\/uploads\/img_a284335_w2039_t1515616739.jpg","height":0,"width":0},"keywords":null},{"@type":"Article","@id":"https:\/\/www.slovacon.sk\/dom-alebo-byt-to-je-otazka\/","headline":"Dom alebo byt? To je ot\u00e1zka","url":"https:\/\/www.slovacon.sk\/dom-alebo-byt-to-je-otazka\/","datePublished":"2017-10-21","dateModified":"2017-10-21","mainEntityOfPage":"https:\/\/www.slovacon.sk\/dom-alebo-byt-to-je-otazka\/","author":{"@type":"Person","@id":"https:\/\/www.slovacon.sk\/author\/#Person","name":"slovacon.sk\n","url":"https:\/\/www.slovacon.sk\/author\/","identifier":1,"image":{"@type":"ImageObject","@id":"https:\/\/secure.gravatar.com\/avatar\/0dc285cbe86eecc8073f119fcb2e2c7032b51533f5bb47611c7d4a598558b8b7?s=96&d=mm&r=g","url":"https:\/\/secure.gravatar.com\/avatar\/0dc285cbe86eecc8073f119fcb2e2c7032b51533f5bb47611c7d4a598558b8b7?s=96&d=mm&r=g","height":96,"width":96}},"publisher":{"@type":"Organization","name":"slovacon.sk","logo":{"@type":"ImageObject","@id":"\/logo.png","url":"\/logo.png","width":600,"height":60}},"image":{"@type":"ImageObject","@id":"https:\/\/www.slovacon.sk\/wp-content\/uploads\/img_a283886_w2039_t1513873154.jpg","url":"https:\/\/www.slovacon.sk\/wp-content\/uploads\/img_a283886_w2039_t1513873154.jpg","height":0,"width":0},"keywords":null},{"@type":"Article","@id":"https:\/\/www.slovacon.sk\/ako-odnaucit-psika-demolovat-nas-domov\/","headline":"Ako odnau\u010di\u0165 ps\u00edka demolova\u0165 n\u00e1\u0161 domov","url":"https:\/\/www.slovacon.sk\/ako-odnaucit-psika-demolovat-nas-domov\/","datePublished":"2017-09-21","dateModified":"2017-09-21","mainEntityOfPage":"https:\/\/www.slovacon.sk\/ako-odnaucit-psika-demolovat-nas-domov\/","author":{"@type":"Person","@id":"https:\/\/www.slovacon.sk\/author\/#Person","name":"slovacon.sk\n","url":"https:\/\/www.slovacon.sk\/author\/","identifier":1,"image":{"@type":"ImageObject","@id":"https:\/\/secure.gravatar.com\/avatar\/0dc285cbe86eecc8073f119fcb2e2c7032b51533f5bb47611c7d4a598558b8b7?s=96&d=mm&r=g","url":"https:\/\/secure.gravatar.com\/avatar\/0dc285cbe86eecc8073f119fcb2e2c7032b51533f5bb47611c7d4a598558b8b7?s=96&d=mm&r=g","height":96,"width":96}},"publisher":{"@type":"Organization","name":"slovacon.sk","logo":{"@type":"ImageObject","@id":"\/logo.png","url":"\/logo.png","width":600,"height":60}},"image":{"@type":"ImageObject","@id":"https:\/\/www.slovacon.sk\/wp-content\/uploads\/img_a283343_w2039_t1511284174.jpg","url":"https:\/\/www.slovacon.sk\/wp-content\/uploads\/img_a283343_w2039_t1511284174.jpg","height":0,"width":0},"keywords":null},{"@type":"Article","@id":"https:\/\/www.slovacon.sk\/vykurovanie-bytov-pomocou-krbov-a-krbovych-vloziek\/","headline":"Vykurovanie bytov pomocou krbov a krbov\u00fdch vlo\u017eiek","url":"https:\/\/www.slovacon.sk\/vykurovanie-bytov-pomocou-krbov-a-krbovych-vloziek\/","datePublished":"2017-07-29","dateModified":"2017-07-29","mainEntityOfPage":"https:\/\/www.slovacon.sk\/vykurovanie-bytov-pomocou-krbov-a-krbovych-vloziek\/","author":{"@type":"Person","@id":"https:\/\/www.slovacon.sk\/author\/#Person","name":"slovacon.sk\n","url":"https:\/\/www.slovacon.sk\/author\/","identifier":1,"image":{"@type":"ImageObject","@id":"https:\/\/secure.gravatar.com\/avatar\/0dc285cbe86eecc8073f119fcb2e2c7032b51533f5bb47611c7d4a598558b8b7?s=96&d=mm&r=g","url":"https:\/\/secure.gravatar.com\/avatar\/0dc285cbe86eecc8073f119fcb2e2c7032b51533f5bb47611c7d4a598558b8b7?s=96&d=mm&r=g","height":96,"width":96}},"publisher":{"@type":"Organization","name":"slovacon.sk","logo":{"@type":"ImageObject","@id":"\/logo.png","url":"\/logo.png","width":600,"height":60}},"image":{"@type":"ImageObject","@id":"https:\/\/www.slovacon.sk\/wp-content\/uploads\/img_a282788_w2039_t1506676951.jpg","url":"https:\/\/www.slovacon.sk\/wp-content\/uploads\/img_a282788_w2039_t1506676951.jpg","height":0,"width":0},"keywords":null},{"@type":"Article","@id":"https:\/\/www.slovacon.sk\/mur-z-betonovych-tvarnic\/","headline":"M\u00far z bet\u00f3nov\u00fdch tv\u00e1rnic","url":"https:\/\/www.slovacon.sk\/mur-z-betonovych-tvarnic\/","datePublished":"2017-06-24","dateModified":"2017-06-24","mainEntityOfPage":"https:\/\/www.slovacon.sk\/mur-z-betonovych-tvarnic\/","author":{"@type":"Person","@id":"https:\/\/www.slovacon.sk\/author\/#Person","name":"slovacon.sk\n","url":"https:\/\/www.slovacon.sk\/author\/","identifier":1,"image":{"@type":"ImageObject","@id":"https:\/\/secure.gravatar.com\/avatar\/0dc285cbe86eecc8073f119fcb2e2c7032b51533f5bb47611c7d4a598558b8b7?s=96&d=mm&r=g","url":"https:\/\/secure.gravatar.com\/avatar\/0dc285cbe86eecc8073f119fcb2e2c7032b51533f5bb47611c7d4a598558b8b7?s=96&d=mm&r=g","height":96,"width":96}},"publisher":{"@type":"Organization","name":"slovacon.sk","logo":{"@type":"ImageObject","@id":"\/logo.png","url":"\/logo.png","width":600,"height":60}},"image":{"@type":"ImageObject","@id":"https:\/\/www.slovacon.sk\/wp-content\/uploads\/img_a282009_w2039_t1503582726.jpg","url":"https:\/\/www.slovacon.sk\/wp-content\/uploads\/img_a282009_w2039_t1503582726.jpg","height":0,"width":0},"keywords":null}]}